{"id":490,"date":"2025-09-05T10:16:06","date_gmt":"2025-09-05T08:16:06","guid":{"rendered":"https:\/\/www.ccpl-esneux.be\/?p=490"},"modified":"2025-11-01T17:50:19","modified_gmt":"2025-11-01T16:50:19","slug":"les-pepins-cotoient-la-science-fiction","status":"publish","type":"post","link":"https:\/\/www.ccpl-esneux.be\/?p=490","title":{"rendered":"Concours P\u00e9pins 2026"},"content":{"rendered":"\n<h2 class=\"wp-block-heading\">Les p\u00e9pins c\u00f4toient la Science-Fiction<\/h2>\n\n\n\n<p><br>Le concours p\u00e9pins, un d\u00e9fi d\u2019\u00e9criture d\u2019histoire tr\u00e8s br\u00e8ves aura comme <strong>\u00e9ch\u00e9ance le 13 f\u00e9vrier 2026<\/strong>. <\/p>\n\n\n\n<p>Le th\u00e8me de l\u2019ann\u00e9e sera <strong>l\u2019exploration<\/strong>&nbsp;; pas forc\u00e9ment dans un monde de science-fiction.<\/p>\n\n\n\n<p>Le r\u00e8glement est inchang\u00e9&nbsp;: <strong>pas plus de 400 caract\u00e8res<\/strong>, plusieurs textes autoris\u00e9s par \u00e9crivant. <\/p>\n\n\n\n<p>Le concours ouvert \u00e0 toutes et \u00e0 tous, et comprend trois cat\u00e9gories d\u2019\u00e2ge (enfants, ados et adultes). Il sera pr\u00e9sent\u00e9 dans le prochain bulletin communal. <\/p>\n\n\n\n<p>Toutes les informations peuvent \u00eatre trouv\u00e9es ci-dessous. <\/p>\n\n\n\n<figure class=\"wp-block-image size-large\"><img loading=\"lazy\" decoding=\"async\" width=\"1024\" height=\"576\" src=\"https:\/\/www.ccpl-esneux.be\/wp-content\/uploads\/2025\/09\/Pep-ados1-1024x576.jpg\" alt=\"\" class=\"wp-image-491\" srcset=\"https:\/\/www.ccpl-esneux.be\/wp-content\/uploads\/2025\/09\/Pep-ados1-1024x576.jpg 1024w, https:\/\/www.ccpl-esneux.be\/wp-content\/uploads\/2025\/09\/Pep-ados1-300x169.jpg 300w, https:\/\/www.ccpl-esneux.be\/wp-content\/uploads\/2025\/09\/Pep-ados1-768x432.jpg 768w, https:\/\/www.ccpl-esneux.be\/wp-content\/uploads\/2025\/09\/Pep-ados1-1536x864.jpg 1536w, https:\/\/www.ccpl-esneux.be\/wp-content\/uploads\/2025\/09\/Pep-ados1-2048x1152.jpg 2048w\" sizes=\"auto, (max-width: 1024px) 100vw, 1024px\" \/><\/figure>\n\n\n\n<figure class=\"wp-block-image size-large\"><img loading=\"lazy\" decoding=\"async\" width=\"1024\" height=\"576\" src=\"https:\/\/www.ccpl-esneux.be\/wp-content\/uploads\/2025\/09\/Pep-ados-1024x576.jpg\" alt=\"\" class=\"wp-image-492\" srcset=\"https:\/\/www.ccpl-esneux.be\/wp-content\/uploads\/2025\/09\/Pep-ados-1024x576.jpg 1024w, https:\/\/www.ccpl-esneux.be\/wp-content\/uploads\/2025\/09\/Pep-ados-300x169.jpg 300w, https:\/\/www.ccpl-esneux.be\/wp-content\/uploads\/2025\/09\/Pep-ados-768x432.jpg 768w, https:\/\/www.ccpl-esneux.be\/wp-content\/uploads\/2025\/09\/Pep-ados-1536x864.jpg 1536w, https:\/\/www.ccpl-esneux.be\/wp-content\/uploads\/2025\/09\/Pep-ados-2048x1152.jpg 2048w\" sizes=\"auto, (max-width: 1024px) 100vw, 1024px\" \/><\/figure>\n\n\n\n<p><\/p>\n","protected":false},"excerpt":{"rendered":"<p>Les p\u00e9pins c\u00f4toient la Science-Fiction Le concours p\u00e9pins, un d\u00e9fi d\u2019\u00e9criture d\u2019histoire tr\u00e8s br\u00e8ves aura comme \u00e9ch\u00e9ance le 13 f\u00e9vrier 2026. Le th\u00e8me de l\u2019ann\u00e9e sera l\u2019exploration&nbsp;; pas forc\u00e9ment dans un monde de science-fiction. Le r\u00e8glement est inchang\u00e9&nbsp;: pas plus de 400 caract\u00e8res, plusieurs textes autoris\u00e9s par \u00e9crivant. Le concours ouvert \u00e0 toutes et \u00e0 [&hellip;]<\/p>\n","protected":false},"author":1,"featured_media":177,"comment_status":"closed","ping_status":"open","sticky":false,"template":"","format":"standard","meta":{"footnotes":""},"categories":[11,10],"tags":[],"class_list":["post-490","post","type-post","status-publish","format-standard","has-post-thumbnail","hentry","category-lirecrire","category-pepins"],"_links":{"self":[{"href":"https:\/\/www.ccpl-esneux.be\/index.php?rest_route=\/wp\/v2\/posts\/490","targetHints":{"allow":["GET"]}}],"collection":[{"href":"https:\/\/www.ccpl-esneux.be\/index.php?rest_route=\/wp\/v2\/posts"}],"about":[{"href":"https:\/\/www.ccpl-esneux.be\/index.php?rest_route=\/wp\/v2\/types\/post"}],"author":[{"embeddable":true,"href":"https:\/\/www.ccpl-esneux.be\/index.php?rest_route=\/wp\/v2\/users\/1"}],"replies":[{"embeddable":true,"href":"https:\/\/www.ccpl-esneux.be\/index.php?rest_route=%2Fwp%2Fv2%2Fcomments&post=490"}],"version-history":[{"count":4,"href":"https:\/\/www.ccpl-esneux.be\/index.php?rest_route=\/wp\/v2\/posts\/490\/revisions"}],"predecessor-version":[{"id":506,"href":"https:\/\/www.ccpl-esneux.be\/index.php?rest_route=\/wp\/v2\/posts\/490\/revisions\/506"}],"wp:featuredmedia":[{"embeddable":true,"href":"https:\/\/www.ccpl-esneux.be\/index.php?rest_route=\/wp\/v2\/media\/177"}],"wp:attachment":[{"href":"https:\/\/www.ccpl-esneux.be\/index.php?rest_route=%2Fwp%2Fv2%2Fmedia&parent=490"}],"wp:term":[{"taxonomy":"category","embeddable":true,"href":"https:\/\/www.ccpl-esneux.be\/index.php?rest_route=%2Fwp%2Fv2%2Fcategories&post=490"},{"taxonomy":"post_tag","embeddable":true,"href":"https:\/\/www.ccpl-esneux.be\/index.php?rest_route=%2Fwp%2Fv2%2Ftags&post=490"}],"curies":[{"name":"wp","href":"https:\/\/api.w.org\/{rel}","templated":true}]}}